{"id":86,"date":"2013-03-05T13:31:23","date_gmt":"2013-03-05T12:31:23","guid":{"rendered":"http:\/\/www.caiasso.it\/blog\/?p=86"},"modified":"2013-03-05T13:31:23","modified_gmt":"2013-03-05T12:31:23","slug":"alpinismo-giovanile-2013","status":"publish","type":"post","link":"http:\/\/www.caiasso.it\/blog\/alpinismo-giovanile-2013\/","title":{"rendered":"Alpinismo Giovanile 2013"},"content":{"rendered":"<p><strong>Presentazione del corso:<\/strong> Venerd\u00ec 5 aprile 2013 ore 20,45 presso la Sede CAI, in piazza Mazzini ad Asso, al secondo piano di Palazzo Mazzini.<\/p>\n<p>Il Corso \u00e8 rivolto a tutti i ragazzi e ragazze dai 6 ai 17 anni. La partecipazione al Corso prevede l&#8217;iscrizione al Club Alpino Italiano, per avere la copertura assicurativa, e la presentazione di un certificato medico attestante l&#8217;idoneit\u00e0 a svolgere attivit\u00e0 sportiva non agonistica. Chi ne fosse gi\u00e0 in possesso, pu\u00f2 presentare una fotocopia. All&#8217; atto dell&#8217; iscrizione \u00e8 necessario presentare l&#8217;apposito modulo di iscrizione, compilato e firmato da uno dei genitori.<\/p>\n<p>Il Corso \u00e8 strutturato con uscite ogni due domeniche e prevede due pernottamenti in rifugio, per consolidare i rapporti nel Gruppo. E&#8217; spalmato in tre periodi diversi dell&#8217;anno, per poter meglio apprezzare le bellezze della montagna. Senza andare molto lontano da Asso, si potranno vedere paesaggi bellissimi.<\/p>\n<p>Per chi ha gi\u00e0 frequentato i Corsi gli anni scorsi sar\u00e0 un ulteriore percorso di conoscenza delle montagna, mentre per chi si siscriver\u00e0 per la prima volta prover\u00e0 sicuramente emozioni che fanno crescere la passione per l&#8217;ambiente montano. Ora non rimane altro che provare realmente questo stile di vita e chiedere ai genitori di sensibilizzare i propri figli a frequentare il Corso, perch\u00e8 non c&#8217;\u00e8 cosa migliore di passare una domenica in compagnia in montagna.<\/p>\n<ul>\n<li><strong>Domenica 5 Maggio<\/strong><br \/>\nMontisola: &#8220;In montagna, al Lago&#8221; sui sentirei della pi\u00f9 grande isola lacustre d&#8217;Europa.<\/li>\n<li><strong>Domenica 19 Maggio<\/strong><br \/>\nBaita &#8220;Aldo e Sergio&#8221;: In val Tartano con un panorama mozzafiato<\/li>\n<li><strong>Domenica 2 Giugno<\/strong><br \/>\nRaduno Regionale Alpinismo Giovanile: &#8220;Tutti a Menaggio&#8221;, incontro e giochi tra i gruppi lombardi d&#8217;Alpinismo Giovanile<\/li>\n<li><strong>Sabato 16 Giugno<\/strong><br \/>\nPernottamente Rifugio Chiavenna: &#8220;Al cospetto del Pizzo Stella&#8221;<\/li>\n<li><strong>Domenica 17 Giugno<\/strong><br \/>\nAl passo Angeloga: &#8220;Salita al passo, costeggiando il Lago Nero&#8221;<\/li>\n<li><strong>Sabato 7 Settembre<\/strong><br \/>\nPernottamente Baita all&#8217;Alpe di Monte: &#8220;Uscita Notturna&#8221;<\/li>\n<li><strong>Domencia 8 Settembre<\/strong><br \/>\nSalita Croce di Megna<\/li>\n<li><strong>Domenica 22 Settembre<\/strong><br \/>\nMonte Resegone: Salita sulla cima della montagna Cara al Manzoni<\/li>\n<\/ul>\n<p>Per saperne di pi\u00f9 scarica gli opuscoli:<a href=\"http:\/\/www.caiasso.it\/blog\/wp-content\/uploads\/2013\/03\/DepliantAG2013.pdf\"><br \/>\n<\/a><\/p>\n<ul>\n<li><a href=\"http:\/\/www.caiasso.it\/blog\/wp-content\/uploads\/2013\/03\/DepliantAG2013.pdf\">Depliant Alpinismo Giovanile 2013<\/a><\/li>\n<li><a href=\"http:\/\/www.caiasso.it\/blog\/wp-content\/uploads\/2013\/03\/Foglio-info-AG-2013.pdf\">Foglio informazionei e costi AG 2013<\/a><\/li>\n<\/ul>\n<p>&nbsp;<\/p>\n","protected":false},"excerpt":{"rendered":"<p>Presentazione del corso: Venerd\u00ec 5 aprile 2013 ore 20,45 presso la Sede CAI, in piazza Mazzini ad Asso, al secondo piano di Palazzo Mazzini. Il Corso \u00e8 rivolto a tutti i ragazzi e ragazze dai 6 ai 17 anni. La &hellip; <a href=\"http:\/\/www.caiasso.it\/blog\/alpinismo-giovanile-2013\/\">Continua a leggere <span class=\"meta-nav\">&rarr;<\/span><\/a><\/p>\n","protected":false},"author":1,"featured_media":0,"comment_status":"open","ping_status":"open","sticky":false,"template":"","format":"standard","meta":{"ngg_post_thumbnail":0},"categories":[9],"tags":[],"jetpack-related-posts":[],"_links":{"self":[{"href":"http:\/\/www.caiasso.it\/blog\/wp-json\/wp\/v2\/posts\/86"}],"collection":[{"href":"http:\/\/www.caiasso.it\/blog\/wp-json\/wp\/v2\/posts"}],"about":[{"href":"http:\/\/www.caiasso.it\/blog\/wp-json\/wp\/v2\/types\/post"}],"author":[{"embeddable":true,"href":"http:\/\/www.caiasso.it\/blog\/wp-json\/wp\/v2\/users\/1"}],"replies":[{"embeddable":true,"href":"http:\/\/www.caiasso.it\/blog\/wp-json\/wp\/v2\/comments?post=86"}],"version-history":[{"count":9,"href":"http:\/\/www.caiasso.it\/blog\/wp-json\/wp\/v2\/posts\/86\/revisions"}],"predecessor-version":[{"id":97,"href":"http:\/\/www.caiasso.it\/blog\/wp-json\/wp\/v2\/posts\/86\/revisions\/97"}],"wp:attachment":[{"href":"http:\/\/www.caiasso.it\/blog\/wp-json\/wp\/v2\/media?parent=86"}],"wp:term":[{"taxonomy":"category","embeddable":true,"href":"http:\/\/www.caiasso.it\/blog\/wp-json\/wp\/v2\/categories?post=86"},{"taxonomy":"post_tag","embeddable":true,"href":"http:\/\/www.caiasso.it\/blog\/wp-json\/wp\/v2\/tags?post=86"}],"curies":[{"name":"wp","href":"https:\/\/api.w.org\/{rel}","templated":true}]}}